{"id":2207,"date":"2024-02-14T10:27:35","date_gmt":"2024-02-14T09:27:35","guid":{"rendered":"https:\/\/jlmirall.es\/?p=2207"},"modified":"2024-02-16T17:02:12","modified_gmt":"2024-02-16T16:02:12","slug":"2040-visual-thinking-lluna-llunera-2020","status":"publish","type":"post","link":"https:\/\/jlmirall.es\/?p=2207","title":{"rendered":"*2040 &#8211; Visual Thinking (Lluna Llunera, 2020)"},"content":{"rendered":"\n<p>Banda sonora para el Visual Thinking de Lluna Llunera sobre 2040.<\/p>\n\n\n\n<p>La pel\u00edcula 2040 nos plantea soluciones inspiradoras y reales para cambiar el destino de la humanidad y del planeta. Una historia que las nuevas generaciones tienen que ver, para creer en el cambio.<\/p>\n\n\n\n<figure class=\"wp-block-embed is-type-video is-provider-youtube wp-block-embed-youtube wp-embed-aspect-16-9 wp-has-aspect-ratio\"><div class=\"wp-block-embed__wrapper\">\n<span class=\"embed-youtube\" style=\"text-align:center; display: block;\"><iframe loading=\"lazy\" class=\"youtube-player\" width=\"640\" height=\"360\" src=\"https:\/\/www.youtube.com\/embed\/kk2Kl_sZak8?version=3&#038;rel=1&#038;showsearch=0&#038;showinfo=1&#038;iv_load_policy=1&#038;fs=1&#038;hl=es-ES&#038;autohide=2&#038;wmode=transparent\" allowfullscreen=\"true\" style=\"border:0;\" sandbox=\"allow-scripts allow-same-origin allow-popups allow-presentation allow-popups-to-escape-sandbox\"><\/iframe><\/span>\n<\/div><\/figure>\n","protected":false},"excerpt":{"rendered":"<p>Banda sonora para el Visual Thinking de Lluna Llunera sobre 2040. La pel\u00edcula 2040 nos plantea soluciones inspiradoras y reales para cambiar el destino de la humanidad y del planeta. Una historia que las nuevas generaciones tienen que ver, para creer en el cambio.<\/p>\n","protected":false},"author":1,"featured_media":2550,"comment_status":"closed","ping_status":"closed","sticky":false,"template":"","format":"standard","meta":{"_jetpack_memberships_contains_paid_content":false,"footnotes":""},"categories":[57],"tags":[70,62],"class_list":["post-2207","post","type-post","status-publish","format-standard","has-post-thumbnail","hentry","category-musica","tag-lluna-llunera","tag-banda-sonora"],"jetpack_featured_media_url":"https:\/\/i0.wp.com\/jlmirall.es\/wp-content\/uploads\/2024\/02\/Captura-de-pantalla-2024-02-16-a-les-17.00.05-scaled.jpg?fit=2560%2C1444&ssl=1","jetpack_shortlink":"https:\/\/wp.me\/p2FSry-zB","jetpack-related-posts":[{"id":2209,"url":"https:\/\/jlmirall.es\/?p=2209","url_meta":{"origin":2207,"position":0},"title":"*Time to choose &#8211; Visual Thinking (Lluna Llunera, 2020)","author":"Oysiao","date":"14 febrero, 2024","format":false,"excerpt":"Banda sonora para el Visual Thinking de Lluna Llunera de Time to Choose. Estamos ante uno de los mayores retos de la humanidad: el cambio clim\u00e1tico. El documental analiza las soluciones para aliviar esta crisis. Time To Choose desde una visi\u00f3n positiva de la realidad nos muestra que es posible\u2026","rel":"","context":"En \u00abm\u00fasica\u00bb","block_context":{"text":"m\u00fasica","link":"https:\/\/jlmirall.es\/?cat=57"},"img":{"alt_text":"","src":"https:\/\/i0.wp.com\/jlmirall.es\/wp-content\/uploads\/2024\/02\/Captura-de-pantalla-2024-02-16-a-les-17.01.32.png?fit=1200%2C678&ssl=1&resize=350%2C200","width":350,"height":200,"srcset":"https:\/\/i0.wp.com\/jlmirall.es\/wp-content\/uploads\/2024\/02\/Captura-de-pantalla-2024-02-16-a-les-17.01.32.png?fit=1200%2C678&ssl=1&resize=350%2C200 1x, https:\/\/i0.wp.com\/jlmirall.es\/wp-content\/uploads\/2024\/02\/Captura-de-pantalla-2024-02-16-a-les-17.01.32.png?fit=1200%2C678&ssl=1&resize=525%2C300 1.5x, https:\/\/i0.wp.com\/jlmirall.es\/wp-content\/uploads\/2024\/02\/Captura-de-pantalla-2024-02-16-a-les-17.01.32.png?fit=1200%2C678&ssl=1&resize=700%2C400 2x, https:\/\/i0.wp.com\/jlmirall.es\/wp-content\/uploads\/2024\/02\/Captura-de-pantalla-2024-02-16-a-les-17.01.32.png?fit=1200%2C678&ssl=1&resize=1050%2C600 3x"},"classes":[]},{"id":2205,"url":"https:\/\/jlmirall.es\/?p=2205","url_meta":{"origin":2207,"position":1},"title":"*A Plastic Ocean &#8211; Visual Thinking (Lluna Llunera, 2020)","author":"Oysiao","date":"14 febrero, 2024","format":false,"excerpt":"Banda sonora sobre el Visual Thinking de Lluna Llunera de Plastic Ocean. A Plastic Ocean pone en la mesa las dimensiones de la mayor crisis que ha sufrido el oc\u00e9ano, la contaminaci\u00f3n del agua a causa de los pl\u00e1sticos. Si os gustar\u00eda verla desde Mirant queremos concienciar de la importancia\u2026","rel":"","context":"En \u00abm\u00fasica\u00bb","block_context":{"text":"m\u00fasica","link":"https:\/\/jlmirall.es\/?cat=57"},"img":{"alt_text":"","src":"https:\/\/i0.wp.com\/jlmirall.es\/wp-content\/uploads\/2024\/02\/Captura-de-pantalla-2024-02-16-a-les-17.00.35.png?fit=1200%2C673&ssl=1&resize=350%2C200","width":350,"height":200,"srcset":"https:\/\/i0.wp.com\/jlmirall.es\/wp-content\/uploads\/2024\/02\/Captura-de-pantalla-2024-02-16-a-les-17.00.35.png?fit=1200%2C673&ssl=1&resize=350%2C200 1x, https:\/\/i0.wp.com\/jlmirall.es\/wp-content\/uploads\/2024\/02\/Captura-de-pantalla-2024-02-16-a-les-17.00.35.png?fit=1200%2C673&ssl=1&resize=525%2C300 1.5x, https:\/\/i0.wp.com\/jlmirall.es\/wp-content\/uploads\/2024\/02\/Captura-de-pantalla-2024-02-16-a-les-17.00.35.png?fit=1200%2C673&ssl=1&resize=700%2C400 2x, https:\/\/i0.wp.com\/jlmirall.es\/wp-content\/uploads\/2024\/02\/Captura-de-pantalla-2024-02-16-a-les-17.00.35.png?fit=1200%2C673&ssl=1&resize=1050%2C600 3x"},"classes":[]},{"id":1925,"url":"https:\/\/jlmirall.es\/?p=1925","url_meta":{"origin":2207,"position":2},"title":"*Bujaraloz by night (Carles Santos)","author":"Oysiao","date":"13 febrero, 2024","format":false,"excerpt":"Carles Santos, iconic musician of my land creates this beautifull music. I experiment with the piece with a Line 6 hxstomp, an Eventide H9max and a wave Genki Instruments for controlling the algorithms' parameters with movement in real time following the path (and pace) of the music Illustrations were commissioned\u2026","rel":"","context":"En \u00abm\u00fasica\u00bb","block_context":{"text":"m\u00fasica","link":"https:\/\/jlmirall.es\/?cat=57"},"img":{"alt_text":"","src":"https:\/\/i0.wp.com\/jlmirall.es\/wp-content\/uploads\/2024\/02\/Captura-de-pantalla-2024-02-17-a-les-22.07.42-scaled.jpg?fit=1200%2C677&ssl=1&resize=350%2C200","width":350,"height":200,"srcset":"https:\/\/i0.wp.com\/jlmirall.es\/wp-content\/uploads\/2024\/02\/Captura-de-pantalla-2024-02-17-a-les-22.07.42-scaled.jpg?fit=1200%2C677&ssl=1&resize=350%2C200 1x, https:\/\/i0.wp.com\/jlmirall.es\/wp-content\/uploads\/2024\/02\/Captura-de-pantalla-2024-02-17-a-les-22.07.42-scaled.jpg?fit=1200%2C677&ssl=1&resize=525%2C300 1.5x, https:\/\/i0.wp.com\/jlmirall.es\/wp-content\/uploads\/2024\/02\/Captura-de-pantalla-2024-02-17-a-les-22.07.42-scaled.jpg?fit=1200%2C677&ssl=1&resize=700%2C400 2x, https:\/\/i0.wp.com\/jlmirall.es\/wp-content\/uploads\/2024\/02\/Captura-de-pantalla-2024-02-17-a-les-22.07.42-scaled.jpg?fit=1200%2C677&ssl=1&resize=1050%2C600 3x"},"classes":[]},{"id":2622,"url":"https:\/\/jlmirall.es\/?p=2622","url_meta":{"origin":2207,"position":3},"title":"*Pe\u00e7a a pe\u00e7a (Lluna Llunera, 2021)","author":"Oysiao","date":"14 febrero, 2024","format":false,"excerpt":"\u201cPe\u00e7a a pe\u00e7a\u201d reflexiona sobre el cost a nivell hist\u00f2ric, laboral, familiar, emocional i psicol\u00f2gic que envolta a la dona en un m\u00f3n dissenyat per i per a homes. La performance recorre la dist\u00e0ncia que existeix entre l\u2019individu i la veu d\u2019un col\u00b7lectiu a trav\u00e9s d\u2019un mon\u00f2leg que a poc\u2026","rel":"","context":"En \u00abm\u00fasica\u00bb","block_context":{"text":"m\u00fasica","link":"https:\/\/jlmirall.es\/?cat=57"},"img":{"alt_text":"","src":"https:\/\/i0.wp.com\/jlmirall.es\/wp-content\/uploads\/2024\/02\/MG_2012.jpg?fit=1200%2C800&ssl=1&resize=350%2C200","width":350,"height":200,"srcset":"https:\/\/i0.wp.com\/jlmirall.es\/wp-content\/uploads\/2024\/02\/MG_2012.jpg?fit=1200%2C800&ssl=1&resize=350%2C200 1x, https:\/\/i0.wp.com\/jlmirall.es\/wp-content\/uploads\/2024\/02\/MG_2012.jpg?fit=1200%2C800&ssl=1&resize=525%2C300 1.5x, https:\/\/i0.wp.com\/jlmirall.es\/wp-content\/uploads\/2024\/02\/MG_2012.jpg?fit=1200%2C800&ssl=1&resize=700%2C400 2x, https:\/\/i0.wp.com\/jlmirall.es\/wp-content\/uploads\/2024\/02\/MG_2012.jpg?fit=1200%2C800&ssl=1&resize=1050%2C600 3x"},"classes":[]},{"id":1952,"url":"https:\/\/jlmirall.es\/?p=1952","url_meta":{"origin":2207,"position":4},"title":"*LA RE MI LA (2020)","author":"Oysiao","date":"14 febrero, 2024","format":false,"excerpt":"Premio Cultura Online #CMCVaCasa 2023. Transformaci\u00f3n de un videoarte de Carles Santos en filtros de Instagram y re-interpretaci\u00f3n con los mismos. Las ilustraciones se han dise\u00f1ado una a una desde el vestuario original por parte de Lluna Llunera. La programaci\u00f3n de los filtros, y re-interpretaci\u00f3n al piano: Jos\u00e9 Luis Miralles\u2026","rel":"","context":"En \u00abm\u00fasica\u00bb","block_context":{"text":"m\u00fasica","link":"https:\/\/jlmirall.es\/?cat=57"},"img":{"alt_text":"","src":"https:\/\/i0.wp.com\/jlmirall.es\/wp-content\/uploads\/2024\/02\/maxresdefault.jpg?fit=1200%2C675&ssl=1&resize=350%2C200","width":350,"height":200,"srcset":"https:\/\/i0.wp.com\/jlmirall.es\/wp-content\/uploads\/2024\/02\/maxresdefault.jpg?fit=1200%2C675&ssl=1&resize=350%2C200 1x, https:\/\/i0.wp.com\/jlmirall.es\/wp-content\/uploads\/2024\/02\/maxresdefault.jpg?fit=1200%2C675&ssl=1&resize=525%2C300 1.5x, https:\/\/i0.wp.com\/jlmirall.es\/wp-content\/uploads\/2024\/02\/maxresdefault.jpg?fit=1200%2C675&ssl=1&resize=700%2C400 2x, https:\/\/i0.wp.com\/jlmirall.es\/wp-content\/uploads\/2024\/02\/maxresdefault.jpg?fit=1200%2C675&ssl=1&resize=1050%2C600 3x"},"classes":[]},{"id":1954,"url":"https:\/\/jlmirall.es\/?p=1954","url_meta":{"origin":2207,"position":5},"title":"*Sinton\u00eda IVC Castell\u00f3n (2021)","author":"Oysiao","date":"14 febrero, 2024","format":false,"excerpt":"Estoy muy ilusionado de ser el telonero oficial de todos los espect\u00e1culos musicales y esc\u00e9nicos que se est\u00e1n representando desde este a\u00f1o (2021) tanto en el Auditori i Palau de Congressos de Castell\u00f3 como en el Teatre Principal De Castell\u00f3. Y es que a principios de este curso recib\u00ed el\u2026","rel":"","context":"En \u00abm\u00fasica\u00bb","block_context":{"text":"m\u00fasica","link":"https:\/\/jlmirall.es\/?cat=57"},"img":{"alt_text":"","src":"https:\/\/i0.wp.com\/jlmirall.es\/wp-content\/uploads\/2024\/02\/Captura-de-pantalla-2024-02-16-a-les-17.03.50-scaled.jpg?fit=1200%2C675&ssl=1&resize=350%2C200","width":350,"height":200,"srcset":"https:\/\/i0.wp.com\/jlmirall.es\/wp-content\/uploads\/2024\/02\/Captura-de-pantalla-2024-02-16-a-les-17.03.50-scaled.jpg?fit=1200%2C675&ssl=1&resize=350%2C200 1x, https:\/\/i0.wp.com\/jlmirall.es\/wp-content\/uploads\/2024\/02\/Captura-de-pantalla-2024-02-16-a-les-17.03.50-scaled.jpg?fit=1200%2C675&ssl=1&resize=525%2C300 1.5x, https:\/\/i0.wp.com\/jlmirall.es\/wp-content\/uploads\/2024\/02\/Captura-de-pantalla-2024-02-16-a-les-17.03.50-scaled.jpg?fit=1200%2C675&ssl=1&resize=700%2C400 2x, https:\/\/i0.wp.com\/jlmirall.es\/wp-content\/uploads\/2024\/02\/Captura-de-pantalla-2024-02-16-a-les-17.03.50-scaled.jpg?fit=1200%2C675&ssl=1&resize=1050%2C600 3x"},"classes":[]}],"jetpack_sharing_enabled":true,"_links":{"self":[{"href":"https:\/\/jlmirall.es\/index.php?rest_route=\/wp\/v2\/posts\/2207","targetHints":{"allow":["GET"]}}],"collection":[{"href":"https:\/\/jlmirall.es\/index.php?rest_route=\/wp\/v2\/posts"}],"about":[{"href":"https:\/\/jlmirall.es\/index.php?rest_route=\/wp\/v2\/types\/post"}],"author":[{"embeddable":true,"href":"https:\/\/jlmirall.es\/index.php?rest_route=\/wp\/v2\/users\/1"}],"replies":[{"embeddable":true,"href":"https:\/\/jlmirall.es\/index.php?rest_route=%2Fwp%2Fv2%2Fcomments&post=2207"}],"version-history":[{"count":1,"href":"https:\/\/jlmirall.es\/index.php?rest_route=\/wp\/v2\/posts\/2207\/revisions"}],"predecessor-version":[{"id":2208,"href":"https:\/\/jlmirall.es\/index.php?rest_route=\/wp\/v2\/posts\/2207\/revisions\/2208"}],"wp:featuredmedia":[{"embeddable":true,"href":"https:\/\/jlmirall.es\/index.php?rest_route=\/wp\/v2\/media\/2550"}],"wp:attachment":[{"href":"https:\/\/jlmirall.es\/index.php?rest_route=%2Fwp%2Fv2%2Fmedia&parent=2207"}],"wp:term":[{"taxonomy":"category","embeddable":true,"href":"https:\/\/jlmirall.es\/index.php?rest_route=%2Fwp%2Fv2%2Fcategories&post=2207"},{"taxonomy":"post_tag","embeddable":true,"href":"https:\/\/jlmirall.es\/index.php?rest_route=%2Fwp%2Fv2%2Ftags&post=2207"}],"curies":[{"name":"wp","href":"https:\/\/api.w.org\/{rel}","templated":true}]}}