{"id":1883,"date":"2024-02-13T18:35:40","date_gmt":"2024-02-13T17:35:40","guid":{"rendered":"https:\/\/jlmirall.es\/?p=1883"},"modified":"2024-02-14T16:49:54","modified_gmt":"2024-02-14T15:49:54","slug":"carmen-campos-2015","status":"publish","type":"post","link":"https:\/\/jlmirall.es\/?p=1883","title":{"rendered":"*Carmen Campos (2015)"},"content":{"rendered":"\n<p>M\u00fasica para un corto de presentaci\u00f3n de la fot\u00f3grafa Carmen Campos.<\/p>\n\n\n\n<figure class=\"wp-block-embed is-type-video is-provider-youtube wp-block-embed-youtube wp-embed-aspect-16-9 wp-has-aspect-ratio\"><div class=\"wp-block-embed__wrapper\">\n<span class=\"embed-youtube\" style=\"text-align:center; display: block;\"><iframe loading=\"lazy\" class=\"youtube-player\" width=\"640\" height=\"360\" src=\"https:\/\/www.youtube.com\/embed\/Mfg9EuR_c68?version=3&#038;rel=1&#038;showsearch=0&#038;showinfo=1&#038;iv_load_policy=1&#038;fs=1&#038;hl=es-ES&#038;autohide=2&#038;wmode=transparent\" allowfullscreen=\"true\" style=\"border:0;\" sandbox=\"allow-scripts allow-same-origin allow-popups allow-presentation allow-popups-to-escape-sandbox\"><\/iframe><\/span>\n<\/div><\/figure>\n","protected":false},"excerpt":{"rendered":"<p>M\u00fasica para un corto de presentaci\u00f3n de la fot\u00f3grafa Carmen Campos.<\/p>\n","protected":false},"author":1,"featured_media":1884,"comment_status":"closed","ping_status":"closed","sticky":false,"template":"","format":"standard","meta":{"_jetpack_memberships_contains_paid_content":false,"footnotes":""},"categories":[57],"tags":[63,62],"class_list":["post-1883","post","type-post","status-publish","format-standard","has-post-thumbnail","hentry","category-musica","tag-carmen-campos","tag-banda-sonora"],"jetpack_featured_media_url":"https:\/\/i0.wp.com\/jlmirall.es\/wp-content\/uploads\/2024\/02\/Captura-de-pantalla-2024-02-13-a-les-18.27.22-scaled.jpg?fit=2560%2C1390&ssl=1","jetpack_shortlink":"https:\/\/wp.me\/p2FSry-un","jetpack-related-posts":[{"id":1897,"url":"https:\/\/jlmirall.es\/?p=1897","url_meta":{"origin":1883,"position":0},"title":"*Artaxia a Piano (Carmen Campos, 2018)","author":"Oysiao","date":"13 febrero, 2024","format":false,"excerpt":"Imagen y Video: Carmen Campos M\u00fasica: Jos\u00e9 Luis Miralles Bono Live performance at 25th Anniversary of Nomepierdoniuna. Castell\u00f3n Piano (extended techniques), loop station and Seaboard RISE. https:\/\/youtu.be\/lJAt7-zRF9k?si=rM7c6C3dRjY6dr19 Fotogramas: Carmen Campos","rel":"","context":"En \u00abm\u00fasica\u00bb","block_context":{"text":"m\u00fasica","link":"https:\/\/jlmirall.es\/?cat=57"},"img":{"alt_text":"","src":"https:\/\/i0.wp.com\/jlmirall.es\/wp-content\/uploads\/2024\/02\/Captura-de-pantalla-2024-02-16-a-les-14.39.40.png?fit=1200%2C668&ssl=1&resize=350%2C200","width":350,"height":200,"srcset":"https:\/\/i0.wp.com\/jlmirall.es\/wp-content\/uploads\/2024\/02\/Captura-de-pantalla-2024-02-16-a-les-14.39.40.png?fit=1200%2C668&ssl=1&resize=350%2C200 1x, https:\/\/i0.wp.com\/jlmirall.es\/wp-content\/uploads\/2024\/02\/Captura-de-pantalla-2024-02-16-a-les-14.39.40.png?fit=1200%2C668&ssl=1&resize=525%2C300 1.5x, https:\/\/i0.wp.com\/jlmirall.es\/wp-content\/uploads\/2024\/02\/Captura-de-pantalla-2024-02-16-a-les-14.39.40.png?fit=1200%2C668&ssl=1&resize=700%2C400 2x, https:\/\/i0.wp.com\/jlmirall.es\/wp-content\/uploads\/2024\/02\/Captura-de-pantalla-2024-02-16-a-les-14.39.40.png?fit=1200%2C668&ssl=1&resize=1050%2C600 3x"},"classes":[]},{"id":1861,"url":"https:\/\/jlmirall.es\/?p=1861","url_meta":{"origin":1883,"position":1},"title":"*in\u00df (Laboratori de M\u00fasica \u00df, 2013)","author":"Oysiao","date":"13 febrero, 2024","format":false,"excerpt":"in\u00df Original collaborative composition by Laboratori de M\u00fasica \u00df's members inspired by Terry Riley's inC. All performers are pre-college music students. This was part of a Pedagogical Project about Contemporary Music and group piano class. Music & Performers: Laboratori de M\u00fasica \u00df | http:\/\/laboratori.jlmirall.es Director: Jos\u00e9 Luis Miralles Bono |\u2026","rel":"","context":"En \u00abm\u00fasica\u00bb","block_context":{"text":"m\u00fasica","link":"https:\/\/jlmirall.es\/?cat=57"},"img":{"alt_text":"","src":"https:\/\/i0.wp.com\/jlmirall.es\/wp-content\/uploads\/2024\/02\/inB.jpg?fit=1200%2C596&ssl=1&resize=350%2C200","width":350,"height":200,"srcset":"https:\/\/i0.wp.com\/jlmirall.es\/wp-content\/uploads\/2024\/02\/inB.jpg?fit=1200%2C596&ssl=1&resize=350%2C200 1x, https:\/\/i0.wp.com\/jlmirall.es\/wp-content\/uploads\/2024\/02\/inB.jpg?fit=1200%2C596&ssl=1&resize=525%2C300 1.5x, https:\/\/i0.wp.com\/jlmirall.es\/wp-content\/uploads\/2024\/02\/inB.jpg?fit=1200%2C596&ssl=1&resize=700%2C400 2x, https:\/\/i0.wp.com\/jlmirall.es\/wp-content\/uploads\/2024\/02\/inB.jpg?fit=1200%2C596&ssl=1&resize=1050%2C600 3x"},"classes":[]},{"id":1863,"url":"https:\/\/jlmirall.es\/?p=1863","url_meta":{"origin":1883,"position":2},"title":"*inW (2013)","author":"Oysiao","date":"13 febrero, 2024","format":false,"excerpt":"inW Re-composition of The Ride of the Valkyries (Der Walk\u00fcrenritt) from Wagner's opera \"Die Walk\u00fcre\" (The Valkyrie) by Jos\u00e9 Luis Miralles Bono. All performers are pre-college music students. This was part of a Pedagogical Project about Contemporary Music and group piano class. Performers: Laboratori de M\u00fasica \u00df | http:\/\/laboratori.jlmirall.es Director:\u2026","rel":"","context":"En \u00abm\u00fasica\u00bb","block_context":{"text":"m\u00fasica","link":"https:\/\/jlmirall.es\/?cat=57"},"img":{"alt_text":"","src":"https:\/\/i0.wp.com\/jlmirall.es\/wp-content\/uploads\/2024\/02\/inW.jpg?fit=1200%2C871&ssl=1&resize=350%2C200","width":350,"height":200,"srcset":"https:\/\/i0.wp.com\/jlmirall.es\/wp-content\/uploads\/2024\/02\/inW.jpg?fit=1200%2C871&ssl=1&resize=350%2C200 1x, https:\/\/i0.wp.com\/jlmirall.es\/wp-content\/uploads\/2024\/02\/inW.jpg?fit=1200%2C871&ssl=1&resize=525%2C300 1.5x, https:\/\/i0.wp.com\/jlmirall.es\/wp-content\/uploads\/2024\/02\/inW.jpg?fit=1200%2C871&ssl=1&resize=700%2C400 2x, https:\/\/i0.wp.com\/jlmirall.es\/wp-content\/uploads\/2024\/02\/inW.jpg?fit=1200%2C871&ssl=1&resize=1050%2C600 3x"},"classes":[]},{"id":1889,"url":"https:\/\/jlmirall.es\/?p=1889","url_meta":{"origin":1883,"position":3},"title":"*The Banshee (Henry Cowell, 1925)","author":"Oysiao","date":"13 febrero, 2024","format":false,"excerpt":"Live performance - October 2017 | Castell\u00f3n The Banshee (Henry Cowell) - 1925 Jos\u00e9 Luis Miralles Bono | piano www.jlmirall.es Realization: - Carmen Campos - Jos\u00e9 Luis Miralles Special thanks to: - Escola d'Art i Superior de Disseny de Castell\u00f3 (www.easdcastello.org) - MARTE Feria de Arte Contempor\u00e1neo de Castell\u00f3n (www.feriamarte.com)\u2026","rel":"","context":"En \u00abm\u00fasica\u00bb","block_context":{"text":"m\u00fasica","link":"https:\/\/jlmirall.es\/?cat=57"},"img":{"alt_text":"","src":"https:\/\/i0.wp.com\/jlmirall.es\/wp-content\/uploads\/2024\/02\/Captura-de-pantalla-2024-02-16-a-les-12.58.29-scaled.jpg?fit=1200%2C675&ssl=1&resize=350%2C200","width":350,"height":200,"srcset":"https:\/\/i0.wp.com\/jlmirall.es\/wp-content\/uploads\/2024\/02\/Captura-de-pantalla-2024-02-16-a-les-12.58.29-scaled.jpg?fit=1200%2C675&ssl=1&resize=350%2C200 1x, https:\/\/i0.wp.com\/jlmirall.es\/wp-content\/uploads\/2024\/02\/Captura-de-pantalla-2024-02-16-a-les-12.58.29-scaled.jpg?fit=1200%2C675&ssl=1&resize=525%2C300 1.5x, https:\/\/i0.wp.com\/jlmirall.es\/wp-content\/uploads\/2024\/02\/Captura-de-pantalla-2024-02-16-a-les-12.58.29-scaled.jpg?fit=1200%2C675&ssl=1&resize=700%2C400 2x, https:\/\/i0.wp.com\/jlmirall.es\/wp-content\/uploads\/2024\/02\/Captura-de-pantalla-2024-02-16-a-les-12.58.29-scaled.jpg?fit=1200%2C675&ssl=1&resize=1050%2C600 3x"},"classes":[]},{"id":1878,"url":"https:\/\/jlmirall.es\/?p=1878","url_meta":{"origin":1883,"position":4},"title":"*Somnusphobia (2014)","author":"Oysiao","date":"13 febrero, 2024","format":false,"excerpt":"M\u00fasica para un cortometraje surrealista. https:\/\/soundcloud.com\/jlmiralles\/bso-somnusphobia?si=c9b72597281e4c389712c3dbeea5d4af&utm_source=clipboard&utm_medium=text&utm_campaign=social_sharing","rel":"","context":"En \u00abm\u00fasica\u00bb","block_context":{"text":"m\u00fasica","link":"https:\/\/jlmirall.es\/?cat=57"},"img":{"alt_text":"","src":"https:\/\/i0.wp.com\/jlmirall.es\/wp-content\/uploads\/2024\/02\/Captura-de-pantalla-2024-02-14-a-les-15.40.24-scaled.jpg?fit=1200%2C676&ssl=1&resize=350%2C200","width":350,"height":200,"srcset":"https:\/\/i0.wp.com\/jlmirall.es\/wp-content\/uploads\/2024\/02\/Captura-de-pantalla-2024-02-14-a-les-15.40.24-scaled.jpg?fit=1200%2C676&ssl=1&resize=350%2C200 1x, https:\/\/i0.wp.com\/jlmirall.es\/wp-content\/uploads\/2024\/02\/Captura-de-pantalla-2024-02-14-a-les-15.40.24-scaled.jpg?fit=1200%2C676&ssl=1&resize=525%2C300 1.5x, https:\/\/i0.wp.com\/jlmirall.es\/wp-content\/uploads\/2024\/02\/Captura-de-pantalla-2024-02-14-a-les-15.40.24-scaled.jpg?fit=1200%2C676&ssl=1&resize=700%2C400 2x, https:\/\/i0.wp.com\/jlmirall.es\/wp-content\/uploads\/2024\/02\/Captura-de-pantalla-2024-02-14-a-les-15.40.24-scaled.jpg?fit=1200%2C676&ssl=1&resize=1050%2C600 3x"},"classes":[]},{"id":1895,"url":"https:\/\/jlmirall.es\/?p=1895","url_meta":{"origin":1883,"position":5},"title":"*La noche es oscura y alberga horrores (Eva Priace, 2017)","author":"Oysiao","date":"13 febrero, 2024","format":false,"excerpt":"La Noche es Oscura y Alberga Horrores El videoarte explora la situaci\u00f3n de inseguridad y peligro que sufren las mujeres al caminar solas por la noche. \u201cLa noche es oscura y alberga horrores\u201d nace de un proyecto multidisciplinar uniendo la Escuela de Arte y Superior Dise\u00f1o de Castell\u00f3n, la Feria\u2026","rel":"","context":"En \u00abm\u00fasica\u00bb","block_context":{"text":"m\u00fasica","link":"https:\/\/jlmirall.es\/?cat=57"},"img":{"alt_text":"","src":"https:\/\/i0.wp.com\/jlmirall.es\/wp-content\/uploads\/2024\/02\/la-noche-es-oscura-scaled.jpg?fit=1200%2C628&ssl=1&resize=350%2C200","width":350,"height":200,"srcset":"https:\/\/i0.wp.com\/jlmirall.es\/wp-content\/uploads\/2024\/02\/la-noche-es-oscura-scaled.jpg?fit=1200%2C628&ssl=1&resize=350%2C200 1x, https:\/\/i0.wp.com\/jlmirall.es\/wp-content\/uploads\/2024\/02\/la-noche-es-oscura-scaled.jpg?fit=1200%2C628&ssl=1&resize=525%2C300 1.5x, https:\/\/i0.wp.com\/jlmirall.es\/wp-content\/uploads\/2024\/02\/la-noche-es-oscura-scaled.jpg?fit=1200%2C628&ssl=1&resize=700%2C400 2x, https:\/\/i0.wp.com\/jlmirall.es\/wp-content\/uploads\/2024\/02\/la-noche-es-oscura-scaled.jpg?fit=1200%2C628&ssl=1&resize=1050%2C600 3x"},"classes":[]}],"jetpack_sharing_enabled":true,"_links":{"self":[{"href":"https:\/\/jlmirall.es\/index.php?rest_route=\/wp\/v2\/posts\/1883","targetHints":{"allow":["GET"]}}],"collection":[{"href":"https:\/\/jlmirall.es\/index.php?rest_route=\/wp\/v2\/posts"}],"about":[{"href":"https:\/\/jlmirall.es\/index.php?rest_route=\/wp\/v2\/types\/post"}],"author":[{"embeddable":true,"href":"https:\/\/jlmirall.es\/index.php?rest_route=\/wp\/v2\/users\/1"}],"replies":[{"embeddable":true,"href":"https:\/\/jlmirall.es\/index.php?rest_route=%2Fwp%2Fv2%2Fcomments&post=1883"}],"version-history":[{"count":3,"href":"https:\/\/jlmirall.es\/index.php?rest_route=\/wp\/v2\/posts\/1883\/revisions"}],"predecessor-version":[{"id":2148,"href":"https:\/\/jlmirall.es\/index.php?rest_route=\/wp\/v2\/posts\/1883\/revisions\/2148"}],"wp:featuredmedia":[{"embeddable":true,"href":"https:\/\/jlmirall.es\/index.php?rest_route=\/wp\/v2\/media\/1884"}],"wp:attachment":[{"href":"https:\/\/jlmirall.es\/index.php?rest_route=%2Fwp%2Fv2%2Fmedia&parent=1883"}],"wp:term":[{"taxonomy":"category","embeddable":true,"href":"https:\/\/jlmirall.es\/index.php?rest_route=%2Fwp%2Fv2%2Fcategories&post=1883"},{"taxonomy":"post_tag","embeddable":true,"href":"https:\/\/jlmirall.es\/index.php?rest_route=%2Fwp%2Fv2%2Ftags&post=1883"}],"curies":[{"name":"wp","href":"https:\/\/api.w.org\/{rel}","templated":true}]}}