{"id":1878,"date":"2024-02-13T18:31:55","date_gmt":"2024-02-13T17:31:55","guid":{"rendered":"https:\/\/jlmirall.es\/?p=1878"},"modified":"2024-02-14T16:35:07","modified_gmt":"2024-02-14T15:35:07","slug":"somnusphobia-2014","status":"publish","type":"post","link":"https:\/\/jlmirall.es\/?p=1878","title":{"rendered":"*Somnusphobia (2014)"},"content":{"rendered":"\n<p>M\u00fasica para un cortometraje surrealista.<\/p>\n\n\n\n<figure class=\"wp-block-embed is-type-rich is-provider-soundcloud wp-block-embed-soundcloud\"><div class=\"wp-block-embed__wrapper\">\n<iframe loading=\"lazy\" title=\"BSO Somnusphobia by Jos\u00e9 Luis Miralles Bono\" width=\"500\" height=\"400\" scrolling=\"no\" frameborder=\"no\" src=\"https:\/\/w.soundcloud.com\/player\/?visual=true&#038;url=https%3A%2F%2Fapi.soundcloud.com%2Ftracks%2F1747037043&#038;show_artwork=true&#038;maxheight=750&#038;maxwidth=500\"><\/iframe>\n<\/div><\/figure>\n","protected":false},"excerpt":{"rendered":"<p>M\u00fasica para un cortometraje surrealista.<\/p>\n","protected":false},"author":1,"featured_media":2116,"comment_status":"closed","ping_status":"closed","sticky":false,"template":"","format":"standard","meta":{"_jetpack_memberships_contains_paid_content":false,"footnotes":""},"categories":[57],"tags":[63,62],"class_list":["post-1878","post","type-post","status-publish","format-standard","has-post-thumbnail","hentry","category-musica","tag-carmen-campos","tag-banda-sonora"],"jetpack_featured_media_url":"https:\/\/i0.wp.com\/jlmirall.es\/wp-content\/uploads\/2024\/02\/Captura-de-pantalla-2024-02-14-a-les-15.40.24-scaled.jpg?fit=2560%2C1443&ssl=1","jetpack_shortlink":"https:\/\/wp.me\/p2FSry-ui","jetpack-related-posts":[{"id":1861,"url":"https:\/\/jlmirall.es\/?p=1861","url_meta":{"origin":1878,"position":0},"title":"*in\u00df (Laboratori de M\u00fasica \u00df, 2013)","author":"Oysiao","date":"13 febrero, 2024","format":false,"excerpt":"in\u00df Original collaborative composition by Laboratori de M\u00fasica \u00df's members inspired by Terry Riley's inC. All performers are pre-college music students. This was part of a Pedagogical Project about Contemporary Music and group piano class. Music & Performers: Laboratori de M\u00fasica \u00df | http:\/\/laboratori.jlmirall.es Director: Jos\u00e9 Luis Miralles Bono |\u2026","rel":"","context":"En \u00abm\u00fasica\u00bb","block_context":{"text":"m\u00fasica","link":"https:\/\/jlmirall.es\/?cat=57"},"img":{"alt_text":"","src":"https:\/\/i0.wp.com\/jlmirall.es\/wp-content\/uploads\/2024\/02\/inB.jpg?fit=1200%2C596&ssl=1&resize=350%2C200","width":350,"height":200,"srcset":"https:\/\/i0.wp.com\/jlmirall.es\/wp-content\/uploads\/2024\/02\/inB.jpg?fit=1200%2C596&ssl=1&resize=350%2C200 1x, https:\/\/i0.wp.com\/jlmirall.es\/wp-content\/uploads\/2024\/02\/inB.jpg?fit=1200%2C596&ssl=1&resize=525%2C300 1.5x, https:\/\/i0.wp.com\/jlmirall.es\/wp-content\/uploads\/2024\/02\/inB.jpg?fit=1200%2C596&ssl=1&resize=700%2C400 2x, https:\/\/i0.wp.com\/jlmirall.es\/wp-content\/uploads\/2024\/02\/inB.jpg?fit=1200%2C596&ssl=1&resize=1050%2C600 3x"},"classes":[]},{"id":1865,"url":"https:\/\/jlmirall.es\/?p=1865","url_meta":{"origin":1878,"position":1},"title":"*El Giraluna (2014)","author":"Oysiao","date":"13 febrero, 2024","format":false,"excerpt":"los dioses nos sonr\u00eden... ... ojal\u00e1 no nos ense\u00f1en los dientes Direcci\u00f3n esc\u00e9nica: Santi L\u00f3pez Texto, M\u00fasica y Direcci\u00f3n Musical: Jos\u00e9 Luis Miralles Bono Int\u00e9rpretes: Laboratori de M\u00fasica \u00df https:\/\/soundcloud.com\/jlmiralles\/el-giraluna?si=11d7020d397c40feab8a0f0d3e33caec&utm_source=clipboard&utm_medium=text&utm_campaign=social_sharing","rel":"","context":"En \u00abm\u00fasica\u00bb","block_context":{"text":"m\u00fasica","link":"https:\/\/jlmirall.es\/?cat=57"},"img":{"alt_text":"","src":"https:\/\/i0.wp.com\/jlmirall.es\/wp-content\/uploads\/2024\/02\/giraluna.jpg?fit=1200%2C716&ssl=1&resize=350%2C200","width":350,"height":200,"srcset":"https:\/\/i0.wp.com\/jlmirall.es\/wp-content\/uploads\/2024\/02\/giraluna.jpg?fit=1200%2C716&ssl=1&resize=350%2C200 1x, https:\/\/i0.wp.com\/jlmirall.es\/wp-content\/uploads\/2024\/02\/giraluna.jpg?fit=1200%2C716&ssl=1&resize=525%2C300 1.5x, https:\/\/i0.wp.com\/jlmirall.es\/wp-content\/uploads\/2024\/02\/giraluna.jpg?fit=1200%2C716&ssl=1&resize=700%2C400 2x, https:\/\/i0.wp.com\/jlmirall.es\/wp-content\/uploads\/2024\/02\/giraluna.jpg?fit=1200%2C716&ssl=1&resize=1050%2C600 3x"},"classes":[]},{"id":1858,"url":"https:\/\/jlmirall.es\/?p=1858","url_meta":{"origin":1878,"position":2},"title":"*inC (Terry Riley, 1968) [2012]","author":"Oysiao","date":"13 febrero, 2024","format":false,"excerpt":"Live performance of Terry Riley's InC with10 pianos (and more instruments... by Laboratori de M\u00fasica \u00df. Hall of Conservatori Professional de M\u00fasica de Castell\u00f3n. All performers are pre-college music students. This was part of a Pedagogical Project about Contemporary Music and group piano class. Score: Terry Riley http:\/\/terryriley.net Performers: Laboratori\u2026","rel":"","context":"En \u00abm\u00fasica\u00bb","block_context":{"text":"m\u00fasica","link":"https:\/\/jlmirall.es\/?cat=57"},"img":{"alt_text":"","src":"https:\/\/i0.wp.com\/jlmirall.es\/wp-content\/uploads\/2024\/02\/841283_10151425582644516_1234372726_o.jpg?fit=1024%2C768&ssl=1&resize=350%2C200","width":350,"height":200,"srcset":"https:\/\/i0.wp.com\/jlmirall.es\/wp-content\/uploads\/2024\/02\/841283_10151425582644516_1234372726_o.jpg?fit=1024%2C768&ssl=1&resize=350%2C200 1x, https:\/\/i0.wp.com\/jlmirall.es\/wp-content\/uploads\/2024\/02\/841283_10151425582644516_1234372726_o.jpg?fit=1024%2C768&ssl=1&resize=525%2C300 1.5x, https:\/\/i0.wp.com\/jlmirall.es\/wp-content\/uploads\/2024\/02\/841283_10151425582644516_1234372726_o.jpg?fit=1024%2C768&ssl=1&resize=700%2C400 2x"},"classes":[]},{"id":1915,"url":"https:\/\/jlmirall.es\/?p=1915","url_meta":{"origin":1878,"position":3},"title":"*Musica Ricercata II (Ligeti, 1953)","author":"Oysiao","date":"13 febrero, 2024","format":false,"excerpt":"Music: Musica Ricercata II. Gy\u00f6rgy Ligeti Piano: Jos\u00e9 Luis Miralles Fx: - Seaboard Rise (Roli) - Arturia Beatstep - Eventide H9 Max - Boss Rc-300 https:\/\/youtu.be\/O_2cQnNfRRg","rel":"","context":"En \u00abm\u00fasica\u00bb","block_context":{"text":"m\u00fasica","link":"https:\/\/jlmirall.es\/?cat=57"},"img":{"alt_text":"","src":"https:\/\/i0.wp.com\/jlmirall.es\/wp-content\/uploads\/2024\/02\/Captura-de-pantalla-2024-02-16-a-les-15.22.19-scaled.jpg?fit=1200%2C674&ssl=1&resize=350%2C200","width":350,"height":200,"srcset":"https:\/\/i0.wp.com\/jlmirall.es\/wp-content\/uploads\/2024\/02\/Captura-de-pantalla-2024-02-16-a-les-15.22.19-scaled.jpg?fit=1200%2C674&ssl=1&resize=350%2C200 1x, https:\/\/i0.wp.com\/jlmirall.es\/wp-content\/uploads\/2024\/02\/Captura-de-pantalla-2024-02-16-a-les-15.22.19-scaled.jpg?fit=1200%2C674&ssl=1&resize=525%2C300 1.5x, https:\/\/i0.wp.com\/jlmirall.es\/wp-content\/uploads\/2024\/02\/Captura-de-pantalla-2024-02-16-a-les-15.22.19-scaled.jpg?fit=1200%2C674&ssl=1&resize=700%2C400 2x, https:\/\/i0.wp.com\/jlmirall.es\/wp-content\/uploads\/2024\/02\/Captura-de-pantalla-2024-02-16-a-les-15.22.19-scaled.jpg?fit=1200%2C674&ssl=1&resize=1050%2C600 3x"},"classes":[]},{"id":1863,"url":"https:\/\/jlmirall.es\/?p=1863","url_meta":{"origin":1878,"position":4},"title":"*inW (2013)","author":"Oysiao","date":"13 febrero, 2024","format":false,"excerpt":"inW Re-composition of The Ride of the Valkyries (Der Walk\u00fcrenritt) from Wagner's opera \"Die Walk\u00fcre\" (The Valkyrie) by Jos\u00e9 Luis Miralles Bono. All performers are pre-college music students. This was part of a Pedagogical Project about Contemporary Music and group piano class. Performers: Laboratori de M\u00fasica \u00df | http:\/\/laboratori.jlmirall.es Director:\u2026","rel":"","context":"En \u00abm\u00fasica\u00bb","block_context":{"text":"m\u00fasica","link":"https:\/\/jlmirall.es\/?cat=57"},"img":{"alt_text":"","src":"https:\/\/i0.wp.com\/jlmirall.es\/wp-content\/uploads\/2024\/02\/inW.jpg?fit=1200%2C871&ssl=1&resize=350%2C200","width":350,"height":200,"srcset":"https:\/\/i0.wp.com\/jlmirall.es\/wp-content\/uploads\/2024\/02\/inW.jpg?fit=1200%2C871&ssl=1&resize=350%2C200 1x, https:\/\/i0.wp.com\/jlmirall.es\/wp-content\/uploads\/2024\/02\/inW.jpg?fit=1200%2C871&ssl=1&resize=525%2C300 1.5x, https:\/\/i0.wp.com\/jlmirall.es\/wp-content\/uploads\/2024\/02\/inW.jpg?fit=1200%2C871&ssl=1&resize=700%2C400 2x, https:\/\/i0.wp.com\/jlmirall.es\/wp-content\/uploads\/2024\/02\/inW.jpg?fit=1200%2C871&ssl=1&resize=1050%2C600 3x"},"classes":[]},{"id":1870,"url":"https:\/\/jlmirall.es\/?p=1870","url_meta":{"origin":1878,"position":5},"title":"*Los 12 Principios del Arte (2014)","author":"Oysiao","date":"13 febrero, 2024","format":false,"excerpt":"Obra encargada por la Fundaci\u00f3n D\u00e1valos Fletcher para la inauguraci\u00f3n de la primera edici\u00f3n de la Feria MARTE de Arte Contempor\u00e1neo de Castell\u00f3n. Tuvo tanto \u00e9xito que se repiti\u00f3 para la clausura de la feria. Texto: Joan Feliu Franch Composici\u00f3n: Jos\u00e9 Luis Miralles Interpretaci\u00f3n: Laboratori de M\u00fasica \u00df & Friends\u2026","rel":"","context":"En \u00abm\u00fasica\u00bb","block_context":{"text":"m\u00fasica","link":"https:\/\/jlmirall.es\/?cat=57"},"img":{"alt_text":"","src":"https:\/\/i0.wp.com\/jlmirall.es\/wp-content\/uploads\/2024\/02\/12-principios.jpg?fit=1200%2C744&ssl=1&resize=350%2C200","width":350,"height":200,"srcset":"https:\/\/i0.wp.com\/jlmirall.es\/wp-content\/uploads\/2024\/02\/12-principios.jpg?fit=1200%2C744&ssl=1&resize=350%2C200 1x, https:\/\/i0.wp.com\/jlmirall.es\/wp-content\/uploads\/2024\/02\/12-principios.jpg?fit=1200%2C744&ssl=1&resize=525%2C300 1.5x, https:\/\/i0.wp.com\/jlmirall.es\/wp-content\/uploads\/2024\/02\/12-principios.jpg?fit=1200%2C744&ssl=1&resize=700%2C400 2x, https:\/\/i0.wp.com\/jlmirall.es\/wp-content\/uploads\/2024\/02\/12-principios.jpg?fit=1200%2C744&ssl=1&resize=1050%2C600 3x"},"classes":[]}],"jetpack_sharing_enabled":true,"_links":{"self":[{"href":"https:\/\/jlmirall.es\/index.php?rest_route=\/wp\/v2\/posts\/1878","targetHints":{"allow":["GET"]}}],"collection":[{"href":"https:\/\/jlmirall.es\/index.php?rest_route=\/wp\/v2\/posts"}],"about":[{"href":"https:\/\/jlmirall.es\/index.php?rest_route=\/wp\/v2\/types\/post"}],"author":[{"embeddable":true,"href":"https:\/\/jlmirall.es\/index.php?rest_route=\/wp\/v2\/users\/1"}],"replies":[{"embeddable":true,"href":"https:\/\/jlmirall.es\/index.php?rest_route=%2Fwp%2Fv2%2Fcomments&post=1878"}],"version-history":[{"count":2,"href":"https:\/\/jlmirall.es\/index.php?rest_route=\/wp\/v2\/posts\/1878\/revisions"}],"predecessor-version":[{"id":2142,"href":"https:\/\/jlmirall.es\/index.php?rest_route=\/wp\/v2\/posts\/1878\/revisions\/2142"}],"wp:featuredmedia":[{"embeddable":true,"href":"https:\/\/jlmirall.es\/index.php?rest_route=\/wp\/v2\/media\/2116"}],"wp:attachment":[{"href":"https:\/\/jlmirall.es\/index.php?rest_route=%2Fwp%2Fv2%2Fmedia&parent=1878"}],"wp:term":[{"taxonomy":"category","embeddable":true,"href":"https:\/\/jlmirall.es\/index.php?rest_route=%2Fwp%2Fv2%2Fcategories&post=1878"},{"taxonomy":"post_tag","embeddable":true,"href":"https:\/\/jlmirall.es\/index.php?rest_route=%2Fwp%2Fv2%2Ftags&post=1878"}],"curies":[{"name":"wp","href":"https:\/\/api.w.org\/{rel}","templated":true}]}}