{"id":1865,"date":"2024-02-13T17:52:18","date_gmt":"2024-02-13T16:52:18","guid":{"rendered":"https:\/\/jlmirall.es\/?p=1865"},"modified":"2024-02-14T16:22:53","modified_gmt":"2024-02-14T15:22:53","slug":"el-giraluna-2014","status":"publish","type":"post","link":"https:\/\/jlmirall.es\/?p=1865","title":{"rendered":"*El Giraluna (2014)"},"content":{"rendered":"\n<p>los dioses nos sonr\u00eden&#8230;<\/p>\n\n\n\n<p>&#8230; ojal\u00e1 no nos ense\u00f1en los dientes<\/p>\n\n\n\n<figure class=\"wp-block-image size-large\"><a href=\"https:\/\/i0.wp.com\/jlmirall.es\/wp-content\/uploads\/2024\/02\/Concierto_Marte_21_OK.jpg?ssl=1\"><img data-recalc-dims=\"1\" loading=\"lazy\" decoding=\"async\" width=\"1024\" height=\"683\" data-attachment-id=\"2119\" data-permalink=\"https:\/\/jlmirall.es\/?attachment_id=2119\" data-orig-file=\"https:\/\/i0.wp.com\/jlmirall.es\/wp-content\/uploads\/2024\/02\/Concierto_Marte_21_OK.jpg?fit=2362%2C1575&amp;ssl=1\" data-orig-size=\"2362,1575\" data-comments-opened=\"0\" data-image-meta=\"{&quot;aperture&quot;:&quot;2.8&quot;,&quot;credit&quot;:&quot;&quot;,&quot;camera&quot;:&quot;Canon EOS-1D Mark IV&quot;,&quot;caption&quot;:&quot;&quot;,&quot;created_timestamp&quot;:&quot;1410464135&quot;,&quot;copyright&quot;:&quot;&quot;,&quot;focal_length&quot;:&quot;175&quot;,&quot;iso&quot;:&quot;1600&quot;,&quot;shutter_speed&quot;:&quot;0.008&quot;,&quot;title&quot;:&quot;&quot;,&quot;orientation&quot;:&quot;1&quot;}\" data-image-title=\"Concierto_Marte_21_OK\" data-image-description=\"\" data-image-caption=\"\" data-large-file=\"https:\/\/i0.wp.com\/jlmirall.es\/wp-content\/uploads\/2024\/02\/Concierto_Marte_21_OK.jpg?fit=1024%2C683&amp;ssl=1\" src=\"https:\/\/i0.wp.com\/jlmirall.es\/wp-content\/uploads\/2024\/02\/Concierto_Marte_21_OK.jpg?resize=1024%2C683&#038;ssl=1\" alt=\"\" class=\"wp-image-2119\" srcset=\"https:\/\/i0.wp.com\/jlmirall.es\/wp-content\/uploads\/2024\/02\/Concierto_Marte_21_OK.jpg?resize=1024%2C683&amp;ssl=1 1024w, https:\/\/i0.wp.com\/jlmirall.es\/wp-content\/uploads\/2024\/02\/Concierto_Marte_21_OK.jpg?resize=300%2C200&amp;ssl=1 300w, https:\/\/i0.wp.com\/jlmirall.es\/wp-content\/uploads\/2024\/02\/Concierto_Marte_21_OK.jpg?resize=768%2C512&amp;ssl=1 768w, https:\/\/i0.wp.com\/jlmirall.es\/wp-content\/uploads\/2024\/02\/Concierto_Marte_21_OK.jpg?resize=1536%2C1024&amp;ssl=1 1536w, https:\/\/i0.wp.com\/jlmirall.es\/wp-content\/uploads\/2024\/02\/Concierto_Marte_21_OK.jpg?resize=2048%2C1366&amp;ssl=1 2048w\" sizes=\"auto, (max-width: 1000px) 100vw, 1000px\" \/><\/a><\/figure>\n\n\n\n<p>Direcci\u00f3n esc\u00e9nica: Santi L\u00f3pez<\/p>\n\n\n\n<p>Texto, M\u00fasica y Direcci\u00f3n Musical: Jos\u00e9 Luis Miralles Bono<\/p>\n\n\n\n<p>Int\u00e9rpretes: Laboratori de M\u00fasica \u00df<\/p>\n\n\n\n<figure class=\"wp-block-embed is-type-rich is-provider-soundcloud wp-block-embed-soundcloud\"><div class=\"wp-block-embed__wrapper\">\n<iframe loading=\"lazy\" title=\"El Giraluna by Jos\u00e9 Luis Miralles Bono\" width=\"500\" height=\"400\" scrolling=\"no\" frameborder=\"no\" src=\"https:\/\/w.soundcloud.com\/player\/?visual=true&#038;url=https%3A%2F%2Fapi.soundcloud.com%2Ftracks%2F1747009314&#038;show_artwork=true&#038;maxheight=750&#038;maxwidth=500\"><\/iframe>\n<\/div><\/figure>\n","protected":false},"excerpt":{"rendered":"<p>los dioses nos sonr\u00eden&#8230; &#8230; ojal\u00e1 no nos ense\u00f1en los dientes Direcci\u00f3n esc\u00e9nica: Santi L\u00f3pez Texto, M\u00fasica y Direcci\u00f3n Musical: Jos\u00e9 Luis Miralles Bono Int\u00e9rpretes: Laboratori de M\u00fasica \u00df<\/p>\n","protected":false},"author":1,"featured_media":2114,"comment_status":"closed","ping_status":"closed","sticky":false,"template":"","format":"standard","meta":{"_jetpack_memberships_contains_paid_content":false,"footnotes":""},"categories":[57],"tags":[58,60],"class_list":["post-1865","post","type-post","status-publish","format-standard","has-post-thumbnail","hentry","category-musica","tag-composicion","tag-laboratori-de-musica-s"],"jetpack_featured_media_url":"https:\/\/i0.wp.com\/jlmirall.es\/wp-content\/uploads\/2024\/02\/giraluna.jpg?fit=2048%2C1222&ssl=1","jetpack_shortlink":"https:\/\/wp.me\/p2FSry-u5","jetpack-related-posts":[{"id":1858,"url":"https:\/\/jlmirall.es\/?p=1858","url_meta":{"origin":1865,"position":0},"title":"*inC (Terry Riley, 1968) [2012]","author":"Oysiao","date":"13 febrero, 2024","format":false,"excerpt":"Live performance of Terry Riley's InC with10 pianos (and more instruments... by Laboratori de M\u00fasica \u00df. Hall of Conservatori Professional de M\u00fasica de Castell\u00f3n. All performers are pre-college music students. This was part of a Pedagogical Project about Contemporary Music and group piano class. Score: Terry Riley http:\/\/terryriley.net Performers: Laboratori\u2026","rel":"","context":"En \u00abm\u00fasica\u00bb","block_context":{"text":"m\u00fasica","link":"https:\/\/jlmirall.es\/?cat=57"},"img":{"alt_text":"","src":"https:\/\/i0.wp.com\/jlmirall.es\/wp-content\/uploads\/2024\/02\/841283_10151425582644516_1234372726_o.jpg?fit=1024%2C768&ssl=1&resize=350%2C200","width":350,"height":200,"srcset":"https:\/\/i0.wp.com\/jlmirall.es\/wp-content\/uploads\/2024\/02\/841283_10151425582644516_1234372726_o.jpg?fit=1024%2C768&ssl=1&resize=350%2C200 1x, https:\/\/i0.wp.com\/jlmirall.es\/wp-content\/uploads\/2024\/02\/841283_10151425582644516_1234372726_o.jpg?fit=1024%2C768&ssl=1&resize=525%2C300 1.5x, https:\/\/i0.wp.com\/jlmirall.es\/wp-content\/uploads\/2024\/02\/841283_10151425582644516_1234372726_o.jpg?fit=1024%2C768&ssl=1&resize=700%2C400 2x"},"classes":[]},{"id":1861,"url":"https:\/\/jlmirall.es\/?p=1861","url_meta":{"origin":1865,"position":1},"title":"*in\u00df (Laboratori de M\u00fasica \u00df, 2013)","author":"Oysiao","date":"13 febrero, 2024","format":false,"excerpt":"in\u00df Original collaborative composition by Laboratori de M\u00fasica \u00df's members inspired by Terry Riley's inC. All performers are pre-college music students. This was part of a Pedagogical Project about Contemporary Music and group piano class. Music & Performers: Laboratori de M\u00fasica \u00df | http:\/\/laboratori.jlmirall.es Director: Jos\u00e9 Luis Miralles Bono |\u2026","rel":"","context":"En \u00abm\u00fasica\u00bb","block_context":{"text":"m\u00fasica","link":"https:\/\/jlmirall.es\/?cat=57"},"img":{"alt_text":"","src":"https:\/\/i0.wp.com\/jlmirall.es\/wp-content\/uploads\/2024\/02\/inB.jpg?fit=1200%2C596&ssl=1&resize=350%2C200","width":350,"height":200,"srcset":"https:\/\/i0.wp.com\/jlmirall.es\/wp-content\/uploads\/2024\/02\/inB.jpg?fit=1200%2C596&ssl=1&resize=350%2C200 1x, https:\/\/i0.wp.com\/jlmirall.es\/wp-content\/uploads\/2024\/02\/inB.jpg?fit=1200%2C596&ssl=1&resize=525%2C300 1.5x, https:\/\/i0.wp.com\/jlmirall.es\/wp-content\/uploads\/2024\/02\/inB.jpg?fit=1200%2C596&ssl=1&resize=700%2C400 2x, https:\/\/i0.wp.com\/jlmirall.es\/wp-content\/uploads\/2024\/02\/inB.jpg?fit=1200%2C596&ssl=1&resize=1050%2C600 3x"},"classes":[]},{"id":1870,"url":"https:\/\/jlmirall.es\/?p=1870","url_meta":{"origin":1865,"position":2},"title":"*Los 12 Principios del Arte (2014)","author":"Oysiao","date":"13 febrero, 2024","format":false,"excerpt":"Obra encargada por la Fundaci\u00f3n D\u00e1valos Fletcher para la inauguraci\u00f3n de la primera edici\u00f3n de la Feria MARTE de Arte Contempor\u00e1neo de Castell\u00f3n. Tuvo tanto \u00e9xito que se repiti\u00f3 para la clausura de la feria. Texto: Joan Feliu Franch Composici\u00f3n: Jos\u00e9 Luis Miralles Interpretaci\u00f3n: Laboratori de M\u00fasica \u00df & Friends\u2026","rel":"","context":"En \u00abm\u00fasica\u00bb","block_context":{"text":"m\u00fasica","link":"https:\/\/jlmirall.es\/?cat=57"},"img":{"alt_text":"","src":"https:\/\/i0.wp.com\/jlmirall.es\/wp-content\/uploads\/2024\/02\/12-principios.jpg?fit=1200%2C744&ssl=1&resize=350%2C200","width":350,"height":200,"srcset":"https:\/\/i0.wp.com\/jlmirall.es\/wp-content\/uploads\/2024\/02\/12-principios.jpg?fit=1200%2C744&ssl=1&resize=350%2C200 1x, https:\/\/i0.wp.com\/jlmirall.es\/wp-content\/uploads\/2024\/02\/12-principios.jpg?fit=1200%2C744&ssl=1&resize=525%2C300 1.5x, https:\/\/i0.wp.com\/jlmirall.es\/wp-content\/uploads\/2024\/02\/12-principios.jpg?fit=1200%2C744&ssl=1&resize=700%2C400 2x, https:\/\/i0.wp.com\/jlmirall.es\/wp-content\/uploads\/2024\/02\/12-principios.jpg?fit=1200%2C744&ssl=1&resize=1050%2C600 3x"},"classes":[]},{"id":1863,"url":"https:\/\/jlmirall.es\/?p=1863","url_meta":{"origin":1865,"position":3},"title":"*inW (2013)","author":"Oysiao","date":"13 febrero, 2024","format":false,"excerpt":"inW Re-composition of The Ride of the Valkyries (Der Walk\u00fcrenritt) from Wagner's opera \"Die Walk\u00fcre\" (The Valkyrie) by Jos\u00e9 Luis Miralles Bono. All performers are pre-college music students. This was part of a Pedagogical Project about Contemporary Music and group piano class. Performers: Laboratori de M\u00fasica \u00df | http:\/\/laboratori.jlmirall.es Director:\u2026","rel":"","context":"En \u00abm\u00fasica\u00bb","block_context":{"text":"m\u00fasica","link":"https:\/\/jlmirall.es\/?cat=57"},"img":{"alt_text":"","src":"https:\/\/i0.wp.com\/jlmirall.es\/wp-content\/uploads\/2024\/02\/inW.jpg?fit=1200%2C871&ssl=1&resize=350%2C200","width":350,"height":200,"srcset":"https:\/\/i0.wp.com\/jlmirall.es\/wp-content\/uploads\/2024\/02\/inW.jpg?fit=1200%2C871&ssl=1&resize=350%2C200 1x, https:\/\/i0.wp.com\/jlmirall.es\/wp-content\/uploads\/2024\/02\/inW.jpg?fit=1200%2C871&ssl=1&resize=525%2C300 1.5x, https:\/\/i0.wp.com\/jlmirall.es\/wp-content\/uploads\/2024\/02\/inW.jpg?fit=1200%2C871&ssl=1&resize=700%2C400 2x, https:\/\/i0.wp.com\/jlmirall.es\/wp-content\/uploads\/2024\/02\/inW.jpg?fit=1200%2C871&ssl=1&resize=1050%2C600 3x"},"classes":[]},{"id":2209,"url":"https:\/\/jlmirall.es\/?p=2209","url_meta":{"origin":1865,"position":4},"title":"*Time to choose &#8211; Visual Thinking (Lluna Llunera, 2020)","author":"Oysiao","date":"14 febrero, 2024","format":false,"excerpt":"Banda sonora para el Visual Thinking de Lluna Llunera de Time to Choose. Estamos ante uno de los mayores retos de la humanidad: el cambio clim\u00e1tico. El documental analiza las soluciones para aliviar esta crisis. Time To Choose desde una visi\u00f3n positiva de la realidad nos muestra que es posible\u2026","rel":"","context":"En \u00abm\u00fasica\u00bb","block_context":{"text":"m\u00fasica","link":"https:\/\/jlmirall.es\/?cat=57"},"img":{"alt_text":"","src":"https:\/\/i0.wp.com\/jlmirall.es\/wp-content\/uploads\/2024\/02\/Captura-de-pantalla-2024-02-16-a-les-17.01.32.png?fit=1200%2C678&ssl=1&resize=350%2C200","width":350,"height":200,"srcset":"https:\/\/i0.wp.com\/jlmirall.es\/wp-content\/uploads\/2024\/02\/Captura-de-pantalla-2024-02-16-a-les-17.01.32.png?fit=1200%2C678&ssl=1&resize=350%2C200 1x, https:\/\/i0.wp.com\/jlmirall.es\/wp-content\/uploads\/2024\/02\/Captura-de-pantalla-2024-02-16-a-les-17.01.32.png?fit=1200%2C678&ssl=1&resize=525%2C300 1.5x, https:\/\/i0.wp.com\/jlmirall.es\/wp-content\/uploads\/2024\/02\/Captura-de-pantalla-2024-02-16-a-les-17.01.32.png?fit=1200%2C678&ssl=1&resize=700%2C400 2x, https:\/\/i0.wp.com\/jlmirall.es\/wp-content\/uploads\/2024\/02\/Captura-de-pantalla-2024-02-16-a-les-17.01.32.png?fit=1200%2C678&ssl=1&resize=1050%2C600 3x"},"classes":[]},{"id":1839,"url":"https:\/\/jlmirall.es\/?p=1839","url_meta":{"origin":1865,"position":5},"title":"*hommage i: Bach-Kurtag (2013)","author":"Oysiao","date":"13 febrero, 2024","format":false,"excerpt":"Esta pieza fue estrenada el d\u00eda 11 de Febrero de 2013 en el Conservatorio Profesional de M\u00fasica \u201cMestre T\u00e0rrega\u201d de Castell\u00f3n dentro del concierto \u201cMiniaturas Eternas\u201d. En dicho concierto, el alumnado de piano de los profesores Natalia Bort y Jos\u00e9 Luis Miralles interpretaron obras de J.S. Bach y G. Kurtag\u2026","rel":"","context":"En \u00abm\u00fasica\u00bb","block_context":{"text":"m\u00fasica","link":"https:\/\/jlmirall.es\/?cat=57"},"img":{"alt_text":"","src":"https:\/\/i0.wp.com\/jlmirall.es\/wp-content\/uploads\/2024\/02\/homage-i-scaled.jpg?fit=1200%2C649&ssl=1&resize=350%2C200","width":350,"height":200,"srcset":"https:\/\/i0.wp.com\/jlmirall.es\/wp-content\/uploads\/2024\/02\/homage-i-scaled.jpg?fit=1200%2C649&ssl=1&resize=350%2C200 1x, https:\/\/i0.wp.com\/jlmirall.es\/wp-content\/uploads\/2024\/02\/homage-i-scaled.jpg?fit=1200%2C649&ssl=1&resize=525%2C300 1.5x, https:\/\/i0.wp.com\/jlmirall.es\/wp-content\/uploads\/2024\/02\/homage-i-scaled.jpg?fit=1200%2C649&ssl=1&resize=700%2C400 2x, https:\/\/i0.wp.com\/jlmirall.es\/wp-content\/uploads\/2024\/02\/homage-i-scaled.jpg?fit=1200%2C649&ssl=1&resize=1050%2C600 3x"},"classes":[]}],"jetpack_sharing_enabled":true,"_links":{"self":[{"href":"https:\/\/jlmirall.es\/index.php?rest_route=\/wp\/v2\/posts\/1865","targetHints":{"allow":["GET"]}}],"collection":[{"href":"https:\/\/jlmirall.es\/index.php?rest_route=\/wp\/v2\/posts"}],"about":[{"href":"https:\/\/jlmirall.es\/index.php?rest_route=\/wp\/v2\/types\/post"}],"author":[{"embeddable":true,"href":"https:\/\/jlmirall.es\/index.php?rest_route=\/wp\/v2\/users\/1"}],"replies":[{"embeddable":true,"href":"https:\/\/jlmirall.es\/index.php?rest_route=%2Fwp%2Fv2%2Fcomments&post=1865"}],"version-history":[{"count":4,"href":"https:\/\/jlmirall.es\/index.php?rest_route=\/wp\/v2\/posts\/1865\/revisions"}],"predecessor-version":[{"id":2120,"href":"https:\/\/jlmirall.es\/index.php?rest_route=\/wp\/v2\/posts\/1865\/revisions\/2120"}],"wp:featuredmedia":[{"embeddable":true,"href":"https:\/\/jlmirall.es\/index.php?rest_route=\/wp\/v2\/media\/2114"}],"wp:attachment":[{"href":"https:\/\/jlmirall.es\/index.php?rest_route=%2Fwp%2Fv2%2Fmedia&parent=1865"}],"wp:term":[{"taxonomy":"category","embeddable":true,"href":"https:\/\/jlmirall.es\/index.php?rest_route=%2Fwp%2Fv2%2Fcategories&post=1865"},{"taxonomy":"post_tag","embeddable":true,"href":"https:\/\/jlmirall.es\/index.php?rest_route=%2Fwp%2Fv2%2Ftags&post=1865"}],"curies":[{"name":"wp","href":"https:\/\/api.w.org\/{rel}","templated":true}]}}