{"id":1861,"date":"2024-02-13T17:51:17","date_gmt":"2024-02-13T16:51:17","guid":{"rendered":"https:\/\/jlmirall.es\/?p=1861"},"modified":"2024-02-16T12:42:35","modified_gmt":"2024-02-16T11:42:35","slug":"ins-laboratori-de-musica-s-2013","status":"publish","type":"post","link":"https:\/\/jlmirall.es\/?p=1861","title":{"rendered":"*in\u00df (Laboratori de M\u00fasica \u00df, 2013)"},"content":{"rendered":"\n<p>in\u00df Original collaborative composition by Laboratori de M\u00fasica \u00df&#8217;s members inspired by Terry Riley&#8217;s inC. <\/p>\n\n\n\n<p>All performers are pre-college music students. This was part of a Pedagogical Project about Contemporary Music and group piano class. <\/p>\n\n\n\n<p>Music &amp; Performers: Laboratori de M\u00fasica \u00df | http:\/\/laboratori.jlmirall.es <\/p>\n\n\n\n<p>Director: Jos\u00e9 Luis Miralles Bono | http:\/\/jlmirall.es <\/p>\n\n\n\n<p>Photography: Carmen Campos | https:\/\/www.facebook.com\/ccampos.art\/<\/p>\n\n\n\n<figure class=\"wp-block-embed is-type-video is-provider-youtube wp-block-embed-youtube wp-embed-aspect-16-9 wp-has-aspect-ratio\"><div class=\"wp-block-embed__wrapper\">\n<span class=\"embed-youtube\" style=\"text-align:center; display: block;\"><iframe loading=\"lazy\" class=\"youtube-player\" width=\"640\" height=\"360\" src=\"https:\/\/www.youtube.com\/embed\/widEPrEnOBE?version=3&#038;rel=1&#038;showsearch=0&#038;showinfo=1&#038;iv_load_policy=1&#038;fs=1&#038;hl=es-ES&#038;autohide=2&#038;wmode=transparent\" allowfullscreen=\"true\" style=\"border:0;\" sandbox=\"allow-scripts allow-same-origin allow-popups allow-presentation allow-popups-to-escape-sandbox\"><\/iframe><\/span>\n<\/div><\/figure>\n\n\n\n<div class=\"wp-block-jetpack-tiled-gallery aligncenter is-style-rectangular\"><div class=\"tiled-gallery__gallery\"><div class=\"tiled-gallery__row\"><div class=\"tiled-gallery__col\" style=\"flex-basis:50.00000%\"><figure class=\"tiled-gallery__item\"><img decoding=\"async\" data-attachment-id=\"2266\" data-permalink=\"https:\/\/jlmirall.es\/?attachment_id=2266\" data-orig-file=\"https:\/\/i0.wp.com\/jlmirall.es\/wp-content\/uploads\/2024\/02\/MG_4077-scaled.jpg?fit=2560%2C1707&amp;ssl=1\" data-orig-size=\"2560,1707\" data-comments-opened=\"0\" data-image-meta=\"{&quot;aperture&quot;:&quot;5.6&quot;,&quot;credit&quot;:&quot;&quot;,&quot;camera&quot;:&quot;Canon EOS 650D&quot;,&quot;caption&quot;:&quot;&quot;,&quot;created_timestamp&quot;:&quot;1398886675&quot;,&quot;copyright&quot;:&quot;&quot;,&quot;focal_length&quot;:&quot;140&quot;,&quot;iso&quot;:&quot;1600&quot;,&quot;shutter_speed&quot;:&quot;0.033333333333333&quot;,&quot;title&quot;:&quot;&quot;,&quot;orientation&quot;:&quot;1&quot;}\" data-image-title=\"MG_4077\" data-image-description=\"\" data-image-caption=\"\" data-large-file=\"https:\/\/i0.wp.com\/jlmirall.es\/wp-content\/uploads\/2024\/02\/MG_4077-scaled.jpg?fit=1024%2C683&amp;ssl=1\" data-attachment-id=\"2266\" data-permalink=\"https:\/\/jlmirall.es\/?attachment_id=2266\" data-orig-file=\"https:\/\/i0.wp.com\/jlmirall.es\/wp-content\/uploads\/2024\/02\/MG_4077-scaled.jpg?fit=2560%2C1707&amp;ssl=1\" data-orig-size=\"2560,1707\" data-comments-opened=\"0\" data-image-meta=\"{&quot;aperture&quot;:&quot;5.6&quot;,&quot;credit&quot;:&quot;&quot;,&quot;camera&quot;:&quot;Canon EOS 650D&quot;,&quot;caption&quot;:&quot;&quot;,&quot;created_timestamp&quot;:&quot;1398886675&quot;,&quot;copyright&quot;:&quot;&quot;,&quot;focal_length&quot;:&quot;140&quot;,&quot;iso&quot;:&quot;1600&quot;,&quot;shutter_speed&quot;:&quot;0.033333333333333&quot;,&quot;title&quot;:&quot;&quot;,&quot;orientation&quot;:&quot;1&quot;}\" data-image-title=\"MG_4077\" data-image-description=\"\" data-image-caption=\"\" data-large-file=\"https:\/\/i0.wp.com\/jlmirall.es\/wp-content\/uploads\/2024\/02\/MG_4077-scaled.jpg?fit=1024%2C683&amp;ssl=1\" role=\"button\" tabindex=\"0\" aria-label=\"Abrir la imagen 1 de 2 en pantalla completa\"srcset=\"https:\/\/i1.wp.com\/jlmirall.es\/wp-content\/uploads\/2024\/02\/MG_4077-1024x683.jpg?strip=info&#038;w=600&#038;ssl=1 600w,https:\/\/i1.wp.com\/jlmirall.es\/wp-content\/uploads\/2024\/02\/MG_4077-1024x683.jpg?strip=info&#038;w=900&#038;ssl=1 900w,https:\/\/i1.wp.com\/jlmirall.es\/wp-content\/uploads\/2024\/02\/MG_4077-1024x683.jpg?strip=info&#038;w=1200&#038;ssl=1 1200w,https:\/\/i1.wp.com\/jlmirall.es\/wp-content\/uploads\/2024\/02\/MG_4077-1024x683.jpg?strip=info&#038;w=1500&#038;ssl=1 1500w,https:\/\/i1.wp.com\/jlmirall.es\/wp-content\/uploads\/2024\/02\/MG_4077-1024x683.jpg?strip=info&#038;w=1800&#038;ssl=1 1800w,https:\/\/i1.wp.com\/jlmirall.es\/wp-content\/uploads\/2024\/02\/MG_4077-1024x683.jpg?strip=info&#038;w=2000&#038;ssl=1 2000w\" alt=\"\" data-height=\"1707\" data-id=\"2266\" data-link=\"https:\/\/jlmirall.es\/?attachment_id=2266\" data-url=\"https:\/\/jlmirall.es\/wp-content\/uploads\/2024\/02\/MG_4077-1024x683.jpg\" data-width=\"2560\" src=\"https:\/\/i1.wp.com\/jlmirall.es\/wp-content\/uploads\/2024\/02\/MG_4077-1024x683.jpg?ssl=1\" data-amp-layout=\"responsive\"\/><\/figure><\/div><div class=\"tiled-gallery__col\" style=\"flex-basis:50.00000%\"><figure class=\"tiled-gallery__item\"><img decoding=\"async\" data-attachment-id=\"2265\" data-permalink=\"https:\/\/jlmirall.es\/?attachment_id=2265\" data-orig-file=\"https:\/\/i0.wp.com\/jlmirall.es\/wp-content\/uploads\/2024\/02\/MG_5760-scaled.jpg?fit=2560%2C1707&amp;ssl=1\" data-orig-size=\"2560,1707\" data-comments-opened=\"0\" data-image-meta=\"{&quot;aperture&quot;:&quot;6.3&quot;,&quot;credit&quot;:&quot;&quot;,&quot;camera&quot;:&quot;Canon EOS 650D&quot;,&quot;caption&quot;:&quot;&quot;,&quot;created_timestamp&quot;:&quot;1399658050&quot;,&quot;copyright&quot;:&quot;&quot;,&quot;focal_length&quot;:&quot;23&quot;,&quot;iso&quot;:&quot;800&quot;,&quot;shutter_speed&quot;:&quot;0.04&quot;,&quot;title&quot;:&quot;&quot;,&quot;orientation&quot;:&quot;1&quot;}\" data-image-title=\"MG_5760\" data-image-description=\"\" data-image-caption=\"\" data-large-file=\"https:\/\/i0.wp.com\/jlmirall.es\/wp-content\/uploads\/2024\/02\/MG_5760-scaled.jpg?fit=1024%2C683&amp;ssl=1\" data-attachment-id=\"2265\" data-permalink=\"https:\/\/jlmirall.es\/?attachment_id=2265\" data-orig-file=\"https:\/\/i0.wp.com\/jlmirall.es\/wp-content\/uploads\/2024\/02\/MG_5760-scaled.jpg?fit=2560%2C1707&amp;ssl=1\" data-orig-size=\"2560,1707\" data-comments-opened=\"0\" data-image-meta=\"{&quot;aperture&quot;:&quot;6.3&quot;,&quot;credit&quot;:&quot;&quot;,&quot;camera&quot;:&quot;Canon EOS 650D&quot;,&quot;caption&quot;:&quot;&quot;,&quot;created_timestamp&quot;:&quot;1399658050&quot;,&quot;copyright&quot;:&quot;&quot;,&quot;focal_length&quot;:&quot;23&quot;,&quot;iso&quot;:&quot;800&quot;,&quot;shutter_speed&quot;:&quot;0.04&quot;,&quot;title&quot;:&quot;&quot;,&quot;orientation&quot;:&quot;1&quot;}\" data-image-title=\"MG_5760\" data-image-description=\"\" data-image-caption=\"\" data-large-file=\"https:\/\/i0.wp.com\/jlmirall.es\/wp-content\/uploads\/2024\/02\/MG_5760-scaled.jpg?fit=1024%2C683&amp;ssl=1\" role=\"button\" tabindex=\"0\" aria-label=\"Abrir la imagen 2 de 2 en pantalla completa\"srcset=\"https:\/\/i2.wp.com\/jlmirall.es\/wp-content\/uploads\/2024\/02\/MG_5760-1024x683.jpg?strip=info&#038;w=600&#038;ssl=1 600w,https:\/\/i2.wp.com\/jlmirall.es\/wp-content\/uploads\/2024\/02\/MG_5760-1024x683.jpg?strip=info&#038;w=900&#038;ssl=1 900w,https:\/\/i2.wp.com\/jlmirall.es\/wp-content\/uploads\/2024\/02\/MG_5760-1024x683.jpg?strip=info&#038;w=1200&#038;ssl=1 1200w,https:\/\/i2.wp.com\/jlmirall.es\/wp-content\/uploads\/2024\/02\/MG_5760-1024x683.jpg?strip=info&#038;w=1500&#038;ssl=1 1500w,https:\/\/i2.wp.com\/jlmirall.es\/wp-content\/uploads\/2024\/02\/MG_5760-1024x683.jpg?strip=info&#038;w=1800&#038;ssl=1 1800w,https:\/\/i2.wp.com\/jlmirall.es\/wp-content\/uploads\/2024\/02\/MG_5760-1024x683.jpg?strip=info&#038;w=2000&#038;ssl=1 2000w\" alt=\"\" data-height=\"1707\" data-id=\"2265\" data-link=\"https:\/\/jlmirall.es\/?attachment_id=2265\" data-url=\"https:\/\/jlmirall.es\/wp-content\/uploads\/2024\/02\/MG_5760-1024x683.jpg\" data-width=\"2560\" src=\"https:\/\/i2.wp.com\/jlmirall.es\/wp-content\/uploads\/2024\/02\/MG_5760-1024x683.jpg?ssl=1\" data-amp-layout=\"responsive\"\/><\/figure><\/div><\/div><\/div><\/div>\n","protected":false},"excerpt":{"rendered":"<p>in\u00df Original collaborative composition by Laboratori de M\u00fasica \u00df&#8217;s members inspired by Terry Riley&#8217;s inC. All performers are pre-college music students. This was part of a Pedagogical Project about Contemporary Music and group piano class. Music &amp; Performers: Laboratori de M\u00fasica \u00df | http:\/\/laboratori.jlmirall.es Director: Jos\u00e9 Luis Miralles Bono | http:\/\/jlmirall.es Photography: Carmen Campos | [&hellip;]<\/p>\n","protected":false},"author":1,"featured_media":2113,"comment_status":"closed","ping_status":"closed","sticky":false,"template":"","format":"standard","meta":{"_jetpack_memberships_contains_paid_content":false,"footnotes":""},"categories":[57],"tags":[63,61,60],"class_list":["post-1861","post","type-post","status-publish","format-standard","has-post-thumbnail","hentry","category-musica","tag-carmen-campos","tag-composicion-colectiva","tag-laboratori-de-musica-s"],"jetpack_featured_media_url":"https:\/\/i0.wp.com\/jlmirall.es\/wp-content\/uploads\/2024\/02\/inB.jpg?fit=1740%2C864&ssl=1","jetpack_shortlink":"https:\/\/wp.me\/p2FSry-u1","jetpack-related-posts":[{"id":1863,"url":"https:\/\/jlmirall.es\/?p=1863","url_meta":{"origin":1861,"position":0},"title":"*inW (2013)","author":"Oysiao","date":"13 febrero, 2024","format":false,"excerpt":"inW Re-composition of The Ride of the Valkyries (Der Walk\u00fcrenritt) from Wagner's opera \"Die Walk\u00fcre\" (The Valkyrie) by Jos\u00e9 Luis Miralles Bono. All performers are pre-college music students. This was part of a Pedagogical Project about Contemporary Music and group piano class. Performers: Laboratori de M\u00fasica \u00df | http:\/\/laboratori.jlmirall.es Director:\u2026","rel":"","context":"En \u00abm\u00fasica\u00bb","block_context":{"text":"m\u00fasica","link":"https:\/\/jlmirall.es\/?cat=57"},"img":{"alt_text":"","src":"https:\/\/i0.wp.com\/jlmirall.es\/wp-content\/uploads\/2024\/02\/inW.jpg?fit=1200%2C871&ssl=1&resize=350%2C200","width":350,"height":200,"srcset":"https:\/\/i0.wp.com\/jlmirall.es\/wp-content\/uploads\/2024\/02\/inW.jpg?fit=1200%2C871&ssl=1&resize=350%2C200 1x, https:\/\/i0.wp.com\/jlmirall.es\/wp-content\/uploads\/2024\/02\/inW.jpg?fit=1200%2C871&ssl=1&resize=525%2C300 1.5x, https:\/\/i0.wp.com\/jlmirall.es\/wp-content\/uploads\/2024\/02\/inW.jpg?fit=1200%2C871&ssl=1&resize=700%2C400 2x, https:\/\/i0.wp.com\/jlmirall.es\/wp-content\/uploads\/2024\/02\/inW.jpg?fit=1200%2C871&ssl=1&resize=1050%2C600 3x"},"classes":[]},{"id":1858,"url":"https:\/\/jlmirall.es\/?p=1858","url_meta":{"origin":1861,"position":1},"title":"*inC (Terry Riley, 1968) [2012]","author":"Oysiao","date":"13 febrero, 2024","format":false,"excerpt":"Live performance of Terry Riley's InC with10 pianos (and more instruments... by Laboratori de M\u00fasica \u00df. Hall of Conservatori Professional de M\u00fasica de Castell\u00f3n. All performers are pre-college music students. This was part of a Pedagogical Project about Contemporary Music and group piano class. Score: Terry Riley http:\/\/terryriley.net Performers: Laboratori\u2026","rel":"","context":"En \u00abm\u00fasica\u00bb","block_context":{"text":"m\u00fasica","link":"https:\/\/jlmirall.es\/?cat=57"},"img":{"alt_text":"","src":"https:\/\/i0.wp.com\/jlmirall.es\/wp-content\/uploads\/2024\/02\/841283_10151425582644516_1234372726_o.jpg?fit=1024%2C768&ssl=1&resize=350%2C200","width":350,"height":200,"srcset":"https:\/\/i0.wp.com\/jlmirall.es\/wp-content\/uploads\/2024\/02\/841283_10151425582644516_1234372726_o.jpg?fit=1024%2C768&ssl=1&resize=350%2C200 1x, https:\/\/i0.wp.com\/jlmirall.es\/wp-content\/uploads\/2024\/02\/841283_10151425582644516_1234372726_o.jpg?fit=1024%2C768&ssl=1&resize=525%2C300 1.5x, https:\/\/i0.wp.com\/jlmirall.es\/wp-content\/uploads\/2024\/02\/841283_10151425582644516_1234372726_o.jpg?fit=1024%2C768&ssl=1&resize=700%2C400 2x"},"classes":[]},{"id":1870,"url":"https:\/\/jlmirall.es\/?p=1870","url_meta":{"origin":1861,"position":2},"title":"*Los 12 Principios del Arte (2014)","author":"Oysiao","date":"13 febrero, 2024","format":false,"excerpt":"Obra encargada por la Fundaci\u00f3n D\u00e1valos Fletcher para la inauguraci\u00f3n de la primera edici\u00f3n de la Feria MARTE de Arte Contempor\u00e1neo de Castell\u00f3n. Tuvo tanto \u00e9xito que se repiti\u00f3 para la clausura de la feria. Texto: Joan Feliu Franch Composici\u00f3n: Jos\u00e9 Luis Miralles Interpretaci\u00f3n: Laboratori de M\u00fasica \u00df & Friends\u2026","rel":"","context":"En \u00abm\u00fasica\u00bb","block_context":{"text":"m\u00fasica","link":"https:\/\/jlmirall.es\/?cat=57"},"img":{"alt_text":"","src":"https:\/\/i0.wp.com\/jlmirall.es\/wp-content\/uploads\/2024\/02\/12-principios.jpg?fit=1200%2C744&ssl=1&resize=350%2C200","width":350,"height":200,"srcset":"https:\/\/i0.wp.com\/jlmirall.es\/wp-content\/uploads\/2024\/02\/12-principios.jpg?fit=1200%2C744&ssl=1&resize=350%2C200 1x, https:\/\/i0.wp.com\/jlmirall.es\/wp-content\/uploads\/2024\/02\/12-principios.jpg?fit=1200%2C744&ssl=1&resize=525%2C300 1.5x, https:\/\/i0.wp.com\/jlmirall.es\/wp-content\/uploads\/2024\/02\/12-principios.jpg?fit=1200%2C744&ssl=1&resize=700%2C400 2x, https:\/\/i0.wp.com\/jlmirall.es\/wp-content\/uploads\/2024\/02\/12-principios.jpg?fit=1200%2C744&ssl=1&resize=1050%2C600 3x"},"classes":[]},{"id":1865,"url":"https:\/\/jlmirall.es\/?p=1865","url_meta":{"origin":1861,"position":3},"title":"*El Giraluna (2014)","author":"Oysiao","date":"13 febrero, 2024","format":false,"excerpt":"los dioses nos sonr\u00eden... ... ojal\u00e1 no nos ense\u00f1en los dientes Direcci\u00f3n esc\u00e9nica: Santi L\u00f3pez Texto, M\u00fasica y Direcci\u00f3n Musical: Jos\u00e9 Luis Miralles Bono Int\u00e9rpretes: Laboratori de M\u00fasica \u00df https:\/\/soundcloud.com\/jlmiralles\/el-giraluna?si=11d7020d397c40feab8a0f0d3e33caec&utm_source=clipboard&utm_medium=text&utm_campaign=social_sharing","rel":"","context":"En \u00abm\u00fasica\u00bb","block_context":{"text":"m\u00fasica","link":"https:\/\/jlmirall.es\/?cat=57"},"img":{"alt_text":"","src":"https:\/\/i0.wp.com\/jlmirall.es\/wp-content\/uploads\/2024\/02\/giraluna.jpg?fit=1200%2C716&ssl=1&resize=350%2C200","width":350,"height":200,"srcset":"https:\/\/i0.wp.com\/jlmirall.es\/wp-content\/uploads\/2024\/02\/giraluna.jpg?fit=1200%2C716&ssl=1&resize=350%2C200 1x, https:\/\/i0.wp.com\/jlmirall.es\/wp-content\/uploads\/2024\/02\/giraluna.jpg?fit=1200%2C716&ssl=1&resize=525%2C300 1.5x, https:\/\/i0.wp.com\/jlmirall.es\/wp-content\/uploads\/2024\/02\/giraluna.jpg?fit=1200%2C716&ssl=1&resize=700%2C400 2x, https:\/\/i0.wp.com\/jlmirall.es\/wp-content\/uploads\/2024\/02\/giraluna.jpg?fit=1200%2C716&ssl=1&resize=1050%2C600 3x"},"classes":[]},{"id":1897,"url":"https:\/\/jlmirall.es\/?p=1897","url_meta":{"origin":1861,"position":4},"title":"*Artaxia a Piano (Carmen Campos, 2018)","author":"Oysiao","date":"13 febrero, 2024","format":false,"excerpt":"Imagen y Video: Carmen Campos M\u00fasica: Jos\u00e9 Luis Miralles Bono Live performance at 25th Anniversary of Nomepierdoniuna. Castell\u00f3n Piano (extended techniques), loop station and Seaboard RISE. https:\/\/youtu.be\/lJAt7-zRF9k?si=rM7c6C3dRjY6dr19 Fotogramas: Carmen Campos","rel":"","context":"En \u00abm\u00fasica\u00bb","block_context":{"text":"m\u00fasica","link":"https:\/\/jlmirall.es\/?cat=57"},"img":{"alt_text":"","src":"https:\/\/i0.wp.com\/jlmirall.es\/wp-content\/uploads\/2024\/02\/Captura-de-pantalla-2024-02-16-a-les-14.39.40.png?fit=1200%2C668&ssl=1&resize=350%2C200","width":350,"height":200,"srcset":"https:\/\/i0.wp.com\/jlmirall.es\/wp-content\/uploads\/2024\/02\/Captura-de-pantalla-2024-02-16-a-les-14.39.40.png?fit=1200%2C668&ssl=1&resize=350%2C200 1x, https:\/\/i0.wp.com\/jlmirall.es\/wp-content\/uploads\/2024\/02\/Captura-de-pantalla-2024-02-16-a-les-14.39.40.png?fit=1200%2C668&ssl=1&resize=525%2C300 1.5x, https:\/\/i0.wp.com\/jlmirall.es\/wp-content\/uploads\/2024\/02\/Captura-de-pantalla-2024-02-16-a-les-14.39.40.png?fit=1200%2C668&ssl=1&resize=700%2C400 2x, https:\/\/i0.wp.com\/jlmirall.es\/wp-content\/uploads\/2024\/02\/Captura-de-pantalla-2024-02-16-a-les-14.39.40.png?fit=1200%2C668&ssl=1&resize=1050%2C600 3x"},"classes":[]},{"id":1883,"url":"https:\/\/jlmirall.es\/?p=1883","url_meta":{"origin":1861,"position":5},"title":"*Carmen Campos (2015)","author":"Oysiao","date":"13 febrero, 2024","format":false,"excerpt":"M\u00fasica para un corto de presentaci\u00f3n de la fot\u00f3grafa Carmen Campos. https:\/\/www.youtube.com\/watch?v=Mfg9EuR_c68","rel":"","context":"En \u00abm\u00fasica\u00bb","block_context":{"text":"m\u00fasica","link":"https:\/\/jlmirall.es\/?cat=57"},"img":{"alt_text":"","src":"https:\/\/i0.wp.com\/jlmirall.es\/wp-content\/uploads\/2024\/02\/Captura-de-pantalla-2024-02-13-a-les-18.27.22-scaled.jpg?fit=1200%2C652&ssl=1&resize=350%2C200","width":350,"height":200,"srcset":"https:\/\/i0.wp.com\/jlmirall.es\/wp-content\/uploads\/2024\/02\/Captura-de-pantalla-2024-02-13-a-les-18.27.22-scaled.jpg?fit=1200%2C652&ssl=1&resize=350%2C200 1x, https:\/\/i0.wp.com\/jlmirall.es\/wp-content\/uploads\/2024\/02\/Captura-de-pantalla-2024-02-13-a-les-18.27.22-scaled.jpg?fit=1200%2C652&ssl=1&resize=525%2C300 1.5x, https:\/\/i0.wp.com\/jlmirall.es\/wp-content\/uploads\/2024\/02\/Captura-de-pantalla-2024-02-13-a-les-18.27.22-scaled.jpg?fit=1200%2C652&ssl=1&resize=700%2C400 2x, https:\/\/i0.wp.com\/jlmirall.es\/wp-content\/uploads\/2024\/02\/Captura-de-pantalla-2024-02-13-a-les-18.27.22-scaled.jpg?fit=1200%2C652&ssl=1&resize=1050%2C600 3x"},"classes":[]}],"jetpack_sharing_enabled":true,"_links":{"self":[{"href":"https:\/\/jlmirall.es\/index.php?rest_route=\/wp\/v2\/posts\/1861","targetHints":{"allow":["GET"]}}],"collection":[{"href":"https:\/\/jlmirall.es\/index.php?rest_route=\/wp\/v2\/posts"}],"about":[{"href":"https:\/\/jlmirall.es\/index.php?rest_route=\/wp\/v2\/types\/post"}],"author":[{"embeddable":true,"href":"https:\/\/jlmirall.es\/index.php?rest_route=\/wp\/v2\/users\/1"}],"replies":[{"embeddable":true,"href":"https:\/\/jlmirall.es\/index.php?rest_route=%2Fwp%2Fv2%2Fcomments&post=1861"}],"version-history":[{"count":3,"href":"https:\/\/jlmirall.es\/index.php?rest_route=\/wp\/v2\/posts\/1861\/revisions"}],"predecessor-version":[{"id":2267,"href":"https:\/\/jlmirall.es\/index.php?rest_route=\/wp\/v2\/posts\/1861\/revisions\/2267"}],"wp:featuredmedia":[{"embeddable":true,"href":"https:\/\/jlmirall.es\/index.php?rest_route=\/wp\/v2\/media\/2113"}],"wp:attachment":[{"href":"https:\/\/jlmirall.es\/index.php?rest_route=%2Fwp%2Fv2%2Fmedia&parent=1861"}],"wp:term":[{"taxonomy":"category","embeddable":true,"href":"https:\/\/jlmirall.es\/index.php?rest_route=%2Fwp%2Fv2%2Fcategories&post=1861"},{"taxonomy":"post_tag","embeddable":true,"href":"https:\/\/jlmirall.es\/index.php?rest_route=%2Fwp%2Fv2%2Ftags&post=1861"}],"curies":[{"name":"wp","href":"https:\/\/api.w.org\/{rel}","templated":true}]}}